{"id":3996,"date":"2020-03-17T08:41:08","date_gmt":"2020-03-17T08:41:08","guid":{"rendered":"https:\/\/www.laperla-paris.com\/english\/?p=3996"},"modified":"2020-03-17T08:41:08","modified_gmt":"2020-03-17T08:41:08","slug":"covid_19-fermeture","status":"publish","type":"post","link":"https:\/\/www.laperla-paris.com\/en\/blog\/covid_19-fermeture\/","title":{"rendered":"Covid_19 : nous sommes ferm\u00e9s ! A bient\u00f4t \u00e0 La Perla Bar"},"content":{"rendered":"<h2>Fermeture dans le cadre du combat contre la pand\u00e9mie de covid_19<\/h2>\n<p>La Perla Bar Paris, c&#8217;est le Mexique \u00e0 Paris depuis 1988. Les cocktails et les tapas, une ambiance chaleureuse et festive, \u00e0 midi ou lors des soir\u00e9es latino, dans le Marais. Ce mode de vie n&#8217;\u00e9tant pas compatible avec la p\u00e9riode que nous vivons, nous sommes \u00e9videmment <strong>solidaires et responsables<\/strong>, et avons d\u00e9cid\u00e9 de <strong>fermer l&#8217;\u00e9tablissement \u00e0 partir du samedi 14 mars \u00e0 minuit,<\/strong> et jusqu&#8217;\u00e0 nouvel ordre. Nous appliquons les directives gouvernementales en la mati\u00e8re.<\/p>\n<p>Pendant toute la dur\u00e9e du traitement de la pand\u00e9mie du #Covid_19, nous vous tiendrons au courant des perspectives de r\u00e9ouverture.<\/p>\n<h2>Prenez soin de vous et des v\u00f4tres<\/h2>\n<p>En attendant, prenez soin de vous et de vos proches, quels que soient les \u00e2ges, et respectez bien les consignes et r\u00e8gles barri\u00e8res. Ainsi, on esp\u00e8re tous se retrouver au plus vite pour laisser cette page sp\u00e9ciale de covid_19 derri\u00e8re nous.<\/p>\n<p>A tr\u00e8s bient\u00f4t \u00e0 La Perla Bar Paris.<\/p>\n","protected":false},"excerpt":{"rendered":"<p>Fermeture dans le cadre du combat contre la pand\u00e9mie de covid_19 La Perla Bar Paris, c&#8217;est le Mexique \u00e0 Paris depuis 1988. Les cocktails et les tapas, une ambiance chaleureuse&#8230;<\/p>\n","protected":false},"author":1,"featured_media":3998,"comment_status":"closed","ping_status":"closed","sticky":false,"template":"","format":"standard","meta":{"_mi_skip_tracking":false},"categories":[1],"tags":[],"yoast_head":"<!-- This site is optimized with the Yoast SEO plugin v20.3 - https:\/\/yoast.com\/wordpress\/plugins\/seo\/ -->\n<title>Covid_19 : nous sommes ferm\u00e9s ! A bient\u00f4t \u00e0 La Perla Bar - La Perla Paris English<\/title>\n<meta name=\"description\" content=\"Covid_19 En application des directives gouvernementales, La Perla Bar Paris est ferm\u00e9e depuis le 14 mars, et jusqu&#039;\u00e0 nouvel ordre. Prenez soin de vous !\" \/>\n<meta name=\"robots\" content=\"index, follow, max-snippet:-1, max-image-preview:large, max-video-preview:-1\" \/>\n<link rel=\"canonical\" href=\"https:\/\/www.laperla-paris.com\/en\/blog\/covid_19-fermeture\/\" \/>\n<meta property=\"og:locale\" content=\"en_GB\" \/>\n<meta property=\"og:type\" content=\"article\" \/>\n<meta property=\"og:title\" content=\"Covid_19 : nous sommes ferm\u00e9s ! A bient\u00f4t \u00e0 La Perla Bar - La Perla Paris English\" \/>\n<meta property=\"og:description\" content=\"Covid_19 En application des directives gouvernementales, La Perla Bar Paris est ferm\u00e9e depuis le 14 mars, et jusqu&#039;\u00e0 nouvel ordre. Prenez soin de vous !\" \/>\n<meta property=\"og:url\" content=\"https:\/\/www.laperla-paris.com\/en\/blog\/covid_19-fermeture\/\" \/>\n<meta property=\"og:site_name\" content=\"La Perla Paris English\" \/>\n<meta property=\"article:published_time\" content=\"2020-03-17T08:41:08+00:00\" \/>\n<meta property=\"og:image\" content=\"https:\/\/www.laperla-paris.com\/en\/wp-content\/uploads\/2020\/03\/La-Perla-Bar-annonce-fermeture_covid_19-1.png\" \/>\n\t<meta property=\"og:image:width\" content=\"360\" \/>\n\t<meta property=\"og:image:height\" content=\"360\" \/>\n\t<meta property=\"og:image:type\" content=\"image\/png\" \/>\n<meta name=\"author\" content=\"laperladmin\" \/>\n<meta name=\"twitter:card\" content=\"summary_large_image\" \/>\n<meta name=\"twitter:label1\" content=\"Written by\" \/>\n\t<meta name=\"twitter:data1\" content=\"laperladmin\" \/>\n\t<meta name=\"twitter:label2\" content=\"Estimated reading time\" \/>\n\t<meta name=\"twitter:data2\" content=\"1 minute\" \/>\n<script type=\"application\/ld+json\" class=\"yoast-schema-graph\">{\"@context\":\"https:\/\/schema.org\",\"@graph\":[{\"@type\":\"WebPage\",\"@id\":\"https:\/\/www.laperla-paris.com\/en\/blog\/covid_19-fermeture\/\",\"url\":\"https:\/\/www.laperla-paris.com\/en\/blog\/covid_19-fermeture\/\",\"name\":\"Covid_19 : nous sommes ferm\u00e9s ! A bient\u00f4t \u00e0 La Perla Bar - La Perla Paris English\",\"isPartOf\":{\"@id\":\"https:\/\/www.laperla-paris.com\/en\/#website\"},\"datePublished\":\"2020-03-17T08:41:08+00:00\",\"dateModified\":\"2020-03-17T08:41:08+00:00\",\"author\":{\"@id\":\"https:\/\/www.laperla-paris.com\/en\/#\/schema\/person\/bacab32b2e4b97f4086a91fd40227a61\"},\"description\":\"Covid_19 En application des directives gouvernementales, La Perla Bar Paris est ferm\u00e9e depuis le 14 mars, et jusqu'\u00e0 nouvel ordre. Prenez soin de vous !\",\"breadcrumb\":{\"@id\":\"https:\/\/www.laperla-paris.com\/en\/blog\/covid_19-fermeture\/#breadcrumb\"},\"inLanguage\":\"en-GB\",\"potentialAction\":[{\"@type\":\"ReadAction\",\"target\":[\"https:\/\/www.laperla-paris.com\/en\/blog\/covid_19-fermeture\/\"]}]},{\"@type\":\"BreadcrumbList\",\"@id\":\"https:\/\/www.laperla-paris.com\/en\/blog\/covid_19-fermeture\/#breadcrumb\",\"itemListElement\":[{\"@type\":\"ListItem\",\"position\":1,\"name\":\"Home\",\"item\":\"https:\/\/www.laperla-paris.com\/en\/\"},{\"@type\":\"ListItem\",\"position\":2,\"name\":\"Covid_19 : nous sommes ferm\u00e9s ! A bient\u00f4t \u00e0 La Perla Bar\"}]},{\"@type\":\"WebSite\",\"@id\":\"https:\/\/www.laperla-paris.com\/en\/#website\",\"url\":\"https:\/\/www.laperla-paris.com\/en\/\",\"name\":\"La Perla Paris English\",\"description\":\"bar mexicain Paris restaurant bar \u00e0 cocktails\",\"potentialAction\":[{\"@type\":\"SearchAction\",\"target\":{\"@type\":\"EntryPoint\",\"urlTemplate\":\"https:\/\/www.laperla-paris.com\/en\/?s={search_term_string}\"},\"query-input\":\"required name=search_term_string\"}],\"inLanguage\":\"en-GB\"},{\"@type\":\"Person\",\"@id\":\"https:\/\/www.laperla-paris.com\/en\/#\/schema\/person\/bacab32b2e4b97f4086a91fd40227a61\",\"name\":\"laperladmin\",\"image\":{\"@type\":\"ImageObject\",\"inLanguage\":\"en-GB\",\"@id\":\"https:\/\/www.laperla-paris.com\/en\/#\/schema\/person\/image\/\",\"url\":\"https:\/\/secure.gravatar.com\/avatar\/42d7c70a056f7cee5a0814d4b21eea93?s=96&r=g\",\"contentUrl\":\"https:\/\/secure.gravatar.com\/avatar\/42d7c70a056f7cee5a0814d4b21eea93?s=96&r=g\",\"caption\":\"laperladmin\"},\"url\":\"https:\/\/www.laperla-paris.com\/en\/blog\/author\/laperladmin\/\"}]}<\/script>\n<!-- \/ Yoast SEO plugin. -->","yoast_head_json":{"title":"Covid_19 : nous sommes ferm\u00e9s ! A bient\u00f4t \u00e0 La Perla Bar - La Perla Paris English","description":"Covid_19 En application des directives gouvernementales, La Perla Bar Paris est ferm\u00e9e depuis le 14 mars, et jusqu'\u00e0 nouvel ordre. Prenez soin de vous !","robots":{"index":"index","follow":"follow","max-snippet":"max-snippet:-1","max-image-preview":"max-image-preview:large","max-video-preview":"max-video-preview:-1"},"canonical":"https:\/\/www.laperla-paris.com\/en\/blog\/covid_19-fermeture\/","og_locale":"en_GB","og_type":"article","og_title":"Covid_19 : nous sommes ferm\u00e9s ! A bient\u00f4t \u00e0 La Perla Bar - La Perla Paris English","og_description":"Covid_19 En application des directives gouvernementales, La Perla Bar Paris est ferm\u00e9e depuis le 14 mars, et jusqu'\u00e0 nouvel ordre. Prenez soin de vous !","og_url":"https:\/\/www.laperla-paris.com\/en\/blog\/covid_19-fermeture\/","og_site_name":"La Perla Paris English","article_published_time":"2020-03-17T08:41:08+00:00","og_image":[{"width":360,"height":360,"url":"https:\/\/www.laperla-paris.com\/en\/wp-content\/uploads\/2020\/03\/La-Perla-Bar-annonce-fermeture_covid_19-1.png","type":"image\/png"}],"author":"laperladmin","twitter_card":"summary_large_image","twitter_misc":{"Written by":"laperladmin","Estimated reading time":"1 minute"},"schema":{"@context":"https:\/\/schema.org","@graph":[{"@type":"WebPage","@id":"https:\/\/www.laperla-paris.com\/en\/blog\/covid_19-fermeture\/","url":"https:\/\/www.laperla-paris.com\/en\/blog\/covid_19-fermeture\/","name":"Covid_19 : nous sommes ferm\u00e9s ! A bient\u00f4t \u00e0 La Perla Bar - La Perla Paris English","isPartOf":{"@id":"https:\/\/www.laperla-paris.com\/en\/#website"},"datePublished":"2020-03-17T08:41:08+00:00","dateModified":"2020-03-17T08:41:08+00:00","author":{"@id":"https:\/\/www.laperla-paris.com\/en\/#\/schema\/person\/bacab32b2e4b97f4086a91fd40227a61"},"description":"Covid_19 En application des directives gouvernementales, La Perla Bar Paris est ferm\u00e9e depuis le 14 mars, et jusqu'\u00e0 nouvel ordre. Prenez soin de vous !","breadcrumb":{"@id":"https:\/\/www.laperla-paris.com\/en\/blog\/covid_19-fermeture\/#breadcrumb"},"inLanguage":"en-GB","potentialAction":[{"@type":"ReadAction","target":["https:\/\/www.laperla-paris.com\/en\/blog\/covid_19-fermeture\/"]}]},{"@type":"BreadcrumbList","@id":"https:\/\/www.laperla-paris.com\/en\/blog\/covid_19-fermeture\/#breadcrumb","itemListElement":[{"@type":"ListItem","position":1,"name":"Home","item":"https:\/\/www.laperla-paris.com\/en\/"},{"@type":"ListItem","position":2,"name":"Covid_19 : nous sommes ferm\u00e9s ! A bient\u00f4t \u00e0 La Perla Bar"}]},{"@type":"WebSite","@id":"https:\/\/www.laperla-paris.com\/en\/#website","url":"https:\/\/www.laperla-paris.com\/en\/","name":"La Perla Paris English","description":"bar mexicain Paris restaurant bar \u00e0 cocktails","potentialAction":[{"@type":"SearchAction","target":{"@type":"EntryPoint","urlTemplate":"https:\/\/www.laperla-paris.com\/en\/?s={search_term_string}"},"query-input":"required name=search_term_string"}],"inLanguage":"en-GB"},{"@type":"Person","@id":"https:\/\/www.laperla-paris.com\/en\/#\/schema\/person\/bacab32b2e4b97f4086a91fd40227a61","name":"laperladmin","image":{"@type":"ImageObject","inLanguage":"en-GB","@id":"https:\/\/www.laperla-paris.com\/en\/#\/schema\/person\/image\/","url":"https:\/\/secure.gravatar.com\/avatar\/42d7c70a056f7cee5a0814d4b21eea93?s=96&r=g","contentUrl":"https:\/\/secure.gravatar.com\/avatar\/42d7c70a056f7cee5a0814d4b21eea93?s=96&r=g","caption":"laperladmin"},"url":"https:\/\/www.laperla-paris.com\/en\/blog\/author\/laperladmin\/"}]}},"_links":{"self":[{"href":"https:\/\/www.laperla-paris.com\/en\/wp-json\/wp\/v2\/posts\/3996"}],"collection":[{"href":"https:\/\/www.laperla-paris.com\/en\/wp-json\/wp\/v2\/posts"}],"about":[{"href":"https:\/\/www.laperla-paris.com\/en\/wp-json\/wp\/v2\/types\/post"}],"author":[{"embeddable":true,"href":"https:\/\/www.laperla-paris.com\/en\/wp-json\/wp\/v2\/users\/1"}],"replies":[{"embeddable":true,"href":"https:\/\/www.laperla-paris.com\/en\/wp-json\/wp\/v2\/comments?post=3996"}],"version-history":[{"count":1,"href":"https:\/\/www.laperla-paris.com\/en\/wp-json\/wp\/v2\/posts\/3996\/revisions"}],"predecessor-version":[{"id":3999,"href":"https:\/\/www.laperla-paris.com\/en\/wp-json\/wp\/v2\/posts\/3996\/revisions\/3999"}],"wp:featuredmedia":[{"embeddable":true,"href":"https:\/\/www.laperla-paris.com\/en\/wp-json\/wp\/v2\/media\/3998"}],"wp:attachment":[{"href":"https:\/\/www.laperla-paris.com\/en\/wp-json\/wp\/v2\/media?parent=3996"}],"wp:term":[{"taxonomy":"category","embeddable":true,"href":"https:\/\/www.laperla-paris.com\/en\/wp-json\/wp\/v2\/categories?post=3996"},{"taxonomy":"post_tag","embeddable":true,"href":"https:\/\/www.laperla-paris.com\/en\/wp-json\/wp\/v2\/tags?post=3996"}],"curies":[{"name":"wp","href":"https:\/\/api.w.org\/{rel}","templated":true}]}}